{"id":3320,"date":"2020-03-20T13:28:00","date_gmt":"2020-03-20T13:28:00","guid":{"rendered":"https:\/\/www.salari.nl\/?p=3320"},"modified":"2020-03-20T13:30:49","modified_gmt":"2020-03-20T13:30:49","slug":"bau-eines-neuen-lagerhauses-in-geel-be","status":"publish","type":"post","link":"https:\/\/www.salari.nl\/de\/bau-eines-neuen-lagerhauses-in-geel-be\/","title":{"rendered":"Bau eines neuen Lagerhauses in Geel (BE)"},"content":{"rendered":"<p>Wir arbeiten derzeit intensiv daran, das 5.000 m\u00b2 gro\u00dfe Lager in Geel (BE) so schnell wie m\u00f6glich in Betrieb zu nehmen.<\/p>\n<p>Dies gilt auch f\u00fcr 20 neue Lagersilos mit einem Volumen von jeweils 308 m\u00b3, die unserem bestehenden Silopark in Sittard (NL) hinzugef\u00fcgt werden. Fotos davon folgen sp\u00e4ter.<\/p>\n<p>&nbsp;<\/p>\n","protected":false},"excerpt":{"rendered":"<p>Wir arbeiten derzeit intensiv daran, das 5.000 m\u00b2 gro\u00dfe Lager in Geel (BE) so schnell wie m\u00f6glich in Betrieb zu nehmen. Dies gilt auch f\u00fcr 20 neue Lagersilos mit einem Volumen von jeweils 308 m\u00b3, die unserem bestehenden Silopark in Sittard (NL) hinzugef\u00fcgt werden. Fotos davon folgen sp\u00e4ter. &nbsp;<\/p>\n","protected":false},"author":4,"featured_media":3313,"comment_status":"open","ping_status":"open","sticky":false,"template":"","format":"standard","meta":{"_monsterinsights_skip_tracking":false,"_monsterinsights_sitenote_active":false,"_monsterinsights_sitenote_note":"","_monsterinsights_sitenote_category":0},"categories":[102],"tags":[103],"yoast_head":"<!-- This site is optimized with the Yoast SEO plugin v20.2.1 - https:\/\/yoast.com\/wordpress\/plugins\/seo\/ -->\n<title>Bau eines neuen Lagerhauses in Geel (BE) - W.G. Salari<\/title>\n<meta name=\"description\" content=\"Wir arbeiten derzeit intensiv daran, das 5.000 m\u00b2 gro\u00dfe Lager in Geel (BE) so schnell wie m\u00f6glich in Betrieb zu nehmen. Dies gilt auch f\u00fcr 20 neue Lagersilos mit einem Volumen von jeweils 308 m\u00b3, die unserem bestehenden Silopark in Sittard (NL) hinzugef\u00fcgt werden. Fotos davon folgen sp\u00e4ter.\" \/>\n<meta name=\"robots\" content=\"index, follow, max-snippet:-1, max-image-preview:large, max-video-preview:-1\" \/>\n<link rel=\"canonical\" href=\"https:\/\/www.salari.nl\/de\/bau-eines-neuen-lagerhauses-in-geel-be\/\" \/>\n<meta property=\"og:locale\" content=\"de_DE\" \/>\n<meta property=\"og:type\" content=\"article\" \/>\n<meta property=\"og:title\" content=\"Bau eines neuen Lagerhauses in Geel (BE) - W.G. Salari\" \/>\n<meta property=\"og:description\" content=\"Wir arbeiten derzeit intensiv daran, das 5.000 m\u00b2 gro\u00dfe Lager in Geel (BE) so schnell wie m\u00f6glich in Betrieb zu nehmen. Dies gilt auch f\u00fcr 20 neue Lagersilos mit einem Volumen von jeweils 308 m\u00b3, die unserem bestehenden Silopark in Sittard (NL) hinzugef\u00fcgt werden. Fotos davon folgen sp\u00e4ter.\" \/>\n<meta property=\"og:url\" content=\"https:\/\/www.salari.nl\/de\/bau-eines-neuen-lagerhauses-in-geel-be\/\" \/>\n<meta property=\"og:site_name\" content=\"W.G. Salari\" \/>\n<meta property=\"article:publisher\" content=\"https:\/\/www.facebook.com\/WGSalari\/\" \/>\n<meta property=\"article:published_time\" content=\"2020-03-20T13:28:00+00:00\" \/>\n<meta property=\"article:modified_time\" content=\"2020-03-20T13:30:49+00:00\" \/>\n<meta property=\"og:image\" content=\"https:\/\/www.salari.nl\/wp-content\/uploads\/2020\/03\/Bouw-loods-silo-BE-1024x675.png\" \/>\n\t<meta property=\"og:image:width\" content=\"1024\" \/>\n\t<meta property=\"og:image:height\" content=\"675\" \/>\n\t<meta property=\"og:image:type\" content=\"image\/png\" \/>\n<meta name=\"author\" content=\"Erik Urff\" \/>\n<meta name=\"twitter:card\" content=\"summary_large_image\" \/>\n<meta name=\"twitter:label1\" content=\"Verfasst von\" \/>\n\t<meta name=\"twitter:data1\" content=\"Erik Urff\" \/>\n<script type=\"application\/ld+json\" class=\"yoast-schema-graph\">{\"@context\":\"https:\/\/schema.org\",\"@graph\":[{\"@type\":\"Article\",\"@id\":\"https:\/\/www.salari.nl\/de\/bau-eines-neuen-lagerhauses-in-geel-be\/#article\",\"isPartOf\":{\"@id\":\"https:\/\/www.salari.nl\/de\/bau-eines-neuen-lagerhauses-in-geel-be\/\"},\"author\":{\"name\":\"Erik Urff\",\"@id\":\"https:\/\/www.salari.nl\/#\/schema\/person\/459fd8bc6131724d9114cb4b1d862c03\"},\"headline\":\"Bau eines neuen Lagerhauses in Geel (BE)\",\"datePublished\":\"2020-03-20T13:28:00+00:00\",\"dateModified\":\"2020-03-20T13:30:49+00:00\",\"mainEntityOfPage\":{\"@id\":\"https:\/\/www.salari.nl\/de\/bau-eines-neuen-lagerhauses-in-geel-be\/\"},\"wordCount\":58,\"commentCount\":0,\"publisher\":{\"@id\":\"https:\/\/www.salari.nl\/#organization\"},\"keywords\":[\"W.G. Salari\"],\"articleSection\":[\"Nachrichten\"],\"inLanguage\":\"de\"},{\"@type\":\"WebPage\",\"@id\":\"https:\/\/www.salari.nl\/de\/bau-eines-neuen-lagerhauses-in-geel-be\/\",\"url\":\"https:\/\/www.salari.nl\/de\/bau-eines-neuen-lagerhauses-in-geel-be\/\",\"name\":\"Bau eines neuen Lagerhauses in Geel (BE) - W.G. Salari\",\"isPartOf\":{\"@id\":\"https:\/\/www.salari.nl\/#website\"},\"datePublished\":\"2020-03-20T13:28:00+00:00\",\"dateModified\":\"2020-03-20T13:30:49+00:00\",\"description\":\"Wir arbeiten derzeit intensiv daran, das 5.000 m\u00b2 gro\u00dfe Lager in Geel (BE) so schnell wie m\u00f6glich in Betrieb zu nehmen. Dies gilt auch f\u00fcr 20 neue Lagersilos mit einem Volumen von jeweils 308 m\u00b3, die unserem bestehenden Silopark in Sittard (NL) hinzugef\u00fcgt werden. Fotos davon folgen sp\u00e4ter.\",\"breadcrumb\":{\"@id\":\"https:\/\/www.salari.nl\/de\/bau-eines-neuen-lagerhauses-in-geel-be\/#breadcrumb\"},\"inLanguage\":\"de\",\"potentialAction\":[{\"@type\":\"ReadAction\",\"target\":[\"https:\/\/www.salari.nl\/de\/bau-eines-neuen-lagerhauses-in-geel-be\/\"]}]},{\"@type\":\"BreadcrumbList\",\"@id\":\"https:\/\/www.salari.nl\/de\/bau-eines-neuen-lagerhauses-in-geel-be\/#breadcrumb\",\"itemListElement\":[{\"@type\":\"ListItem\",\"position\":1,\"name\":\"Home\",\"item\":\"https:\/\/www.salari.nl\/de\/\"},{\"@type\":\"ListItem\",\"position\":2,\"name\":\"Bau eines neuen Lagerhauses in Geel (BE)\"}]},{\"@type\":\"WebSite\",\"@id\":\"https:\/\/www.salari.nl\/#website\",\"url\":\"https:\/\/www.salari.nl\/\",\"name\":\"W.G. Salari\",\"description\":\"W.G. Salari\",\"publisher\":{\"@id\":\"https:\/\/www.salari.nl\/#organization\"},\"potentialAction\":[{\"@type\":\"SearchAction\",\"target\":{\"@type\":\"EntryPoint\",\"urlTemplate\":\"https:\/\/www.salari.nl\/?s={search_term_string}\"},\"query-input\":\"required name=search_term_string\"}],\"inLanguage\":\"de\"},{\"@type\":\"Organization\",\"@id\":\"https:\/\/www.salari.nl\/#organization\",\"name\":\"W.G. Salari\",\"url\":\"https:\/\/www.salari.nl\/\",\"logo\":{\"@type\":\"ImageObject\",\"inLanguage\":\"de\",\"@id\":\"https:\/\/www.salari.nl\/#\/schema\/logo\/image\/\",\"url\":\"https:\/\/www.salari.nl\/wp-content\/uploads\/2019\/12\/footer-logo-salari.png\",\"contentUrl\":\"https:\/\/www.salari.nl\/wp-content\/uploads\/2019\/12\/footer-logo-salari.png\",\"width\":300,\"height\":80,\"caption\":\"W.G. Salari\"},\"image\":{\"@id\":\"https:\/\/www.salari.nl\/#\/schema\/logo\/image\/\"},\"sameAs\":[\"https:\/\/www.facebook.com\/WGSalari\/\",\"https:\/\/nl.linkedin.com\/company\/w-g-salari\"]},{\"@type\":\"Person\",\"@id\":\"https:\/\/www.salari.nl\/#\/schema\/person\/459fd8bc6131724d9114cb4b1d862c03\",\"name\":\"Erik Urff\",\"image\":{\"@type\":\"ImageObject\",\"inLanguage\":\"de\",\"@id\":\"https:\/\/www.salari.nl\/#\/schema\/person\/image\/\",\"url\":\"https:\/\/secure.gravatar.com\/avatar\/9fa0ce776f77139e288847a5311174b4?s=96&d=mm&r=g\",\"contentUrl\":\"https:\/\/secure.gravatar.com\/avatar\/9fa0ce776f77139e288847a5311174b4?s=96&d=mm&r=g\",\"caption\":\"Erik Urff\"}}]}<\/script>\n<!-- \/ Yoast SEO plugin. -->","yoast_head_json":{"title":"Bau eines neuen Lagerhauses in Geel (BE) - W.G. Salari","description":"Wir arbeiten derzeit intensiv daran, das 5.000 m\u00b2 gro\u00dfe Lager in Geel (BE) so schnell wie m\u00f6glich in Betrieb zu nehmen. Dies gilt auch f\u00fcr 20 neue Lagersilos mit einem Volumen von jeweils 308 m\u00b3, die unserem bestehenden Silopark in Sittard (NL) hinzugef\u00fcgt werden. Fotos davon folgen sp\u00e4ter.","robots":{"index":"index","follow":"follow","max-snippet":"max-snippet:-1","max-image-preview":"max-image-preview:large","max-video-preview":"max-video-preview:-1"},"canonical":"https:\/\/www.salari.nl\/de\/bau-eines-neuen-lagerhauses-in-geel-be\/","og_locale":"de_DE","og_type":"article","og_title":"Bau eines neuen Lagerhauses in Geel (BE) - W.G. Salari","og_description":"Wir arbeiten derzeit intensiv daran, das 5.000 m\u00b2 gro\u00dfe Lager in Geel (BE) so schnell wie m\u00f6glich in Betrieb zu nehmen. Dies gilt auch f\u00fcr 20 neue Lagersilos mit einem Volumen von jeweils 308 m\u00b3, die unserem bestehenden Silopark in Sittard (NL) hinzugef\u00fcgt werden. Fotos davon folgen sp\u00e4ter.","og_url":"https:\/\/www.salari.nl\/de\/bau-eines-neuen-lagerhauses-in-geel-be\/","og_site_name":"W.G. Salari","article_publisher":"https:\/\/www.facebook.com\/WGSalari\/","article_published_time":"2020-03-20T13:28:00+00:00","article_modified_time":"2020-03-20T13:30:49+00:00","og_image":[{"width":1024,"height":675,"url":"https:\/\/www.salari.nl\/wp-content\/uploads\/2020\/03\/Bouw-loods-silo-BE-1024x675.png","type":"image\/png"}],"author":"Erik Urff","twitter_card":"summary_large_image","twitter_misc":{"Verfasst von":"Erik Urff"},"schema":{"@context":"https:\/\/schema.org","@graph":[{"@type":"Article","@id":"https:\/\/www.salari.nl\/de\/bau-eines-neuen-lagerhauses-in-geel-be\/#article","isPartOf":{"@id":"https:\/\/www.salari.nl\/de\/bau-eines-neuen-lagerhauses-in-geel-be\/"},"author":{"name":"Erik Urff","@id":"https:\/\/www.salari.nl\/#\/schema\/person\/459fd8bc6131724d9114cb4b1d862c03"},"headline":"Bau eines neuen Lagerhauses in Geel (BE)","datePublished":"2020-03-20T13:28:00+00:00","dateModified":"2020-03-20T13:30:49+00:00","mainEntityOfPage":{"@id":"https:\/\/www.salari.nl\/de\/bau-eines-neuen-lagerhauses-in-geel-be\/"},"wordCount":58,"commentCount":0,"publisher":{"@id":"https:\/\/www.salari.nl\/#organization"},"keywords":["W.G. Salari"],"articleSection":["Nachrichten"],"inLanguage":"de"},{"@type":"WebPage","@id":"https:\/\/www.salari.nl\/de\/bau-eines-neuen-lagerhauses-in-geel-be\/","url":"https:\/\/www.salari.nl\/de\/bau-eines-neuen-lagerhauses-in-geel-be\/","name":"Bau eines neuen Lagerhauses in Geel (BE) - W.G. Salari","isPartOf":{"@id":"https:\/\/www.salari.nl\/#website"},"datePublished":"2020-03-20T13:28:00+00:00","dateModified":"2020-03-20T13:30:49+00:00","description":"Wir arbeiten derzeit intensiv daran, das 5.000 m\u00b2 gro\u00dfe Lager in Geel (BE) so schnell wie m\u00f6glich in Betrieb zu nehmen. Dies gilt auch f\u00fcr 20 neue Lagersilos mit einem Volumen von jeweils 308 m\u00b3, die unserem bestehenden Silopark in Sittard (NL) hinzugef\u00fcgt werden. Fotos davon folgen sp\u00e4ter.","breadcrumb":{"@id":"https:\/\/www.salari.nl\/de\/bau-eines-neuen-lagerhauses-in-geel-be\/#breadcrumb"},"inLanguage":"de","potentialAction":[{"@type":"ReadAction","target":["https:\/\/www.salari.nl\/de\/bau-eines-neuen-lagerhauses-in-geel-be\/"]}]},{"@type":"BreadcrumbList","@id":"https:\/\/www.salari.nl\/de\/bau-eines-neuen-lagerhauses-in-geel-be\/#breadcrumb","itemListElement":[{"@type":"ListItem","position":1,"name":"Home","item":"https:\/\/www.salari.nl\/de\/"},{"@type":"ListItem","position":2,"name":"Bau eines neuen Lagerhauses in Geel (BE)"}]},{"@type":"WebSite","@id":"https:\/\/www.salari.nl\/#website","url":"https:\/\/www.salari.nl\/","name":"W.G. Salari","description":"W.G. Salari","publisher":{"@id":"https:\/\/www.salari.nl\/#organization"},"potentialAction":[{"@type":"SearchAction","target":{"@type":"EntryPoint","urlTemplate":"https:\/\/www.salari.nl\/?s={search_term_string}"},"query-input":"required name=search_term_string"}],"inLanguage":"de"},{"@type":"Organization","@id":"https:\/\/www.salari.nl\/#organization","name":"W.G. Salari","url":"https:\/\/www.salari.nl\/","logo":{"@type":"ImageObject","inLanguage":"de","@id":"https:\/\/www.salari.nl\/#\/schema\/logo\/image\/","url":"https:\/\/www.salari.nl\/wp-content\/uploads\/2019\/12\/footer-logo-salari.png","contentUrl":"https:\/\/www.salari.nl\/wp-content\/uploads\/2019\/12\/footer-logo-salari.png","width":300,"height":80,"caption":"W.G. Salari"},"image":{"@id":"https:\/\/www.salari.nl\/#\/schema\/logo\/image\/"},"sameAs":["https:\/\/www.facebook.com\/WGSalari\/","https:\/\/nl.linkedin.com\/company\/w-g-salari"]},{"@type":"Person","@id":"https:\/\/www.salari.nl\/#\/schema\/person\/459fd8bc6131724d9114cb4b1d862c03","name":"Erik Urff","image":{"@type":"ImageObject","inLanguage":"de","@id":"https:\/\/www.salari.nl\/#\/schema\/person\/image\/","url":"https:\/\/secure.gravatar.com\/avatar\/9fa0ce776f77139e288847a5311174b4?s=96&d=mm&r=g","contentUrl":"https:\/\/secure.gravatar.com\/avatar\/9fa0ce776f77139e288847a5311174b4?s=96&d=mm&r=g","caption":"Erik Urff"}}]}},"_links":{"self":[{"href":"https:\/\/www.salari.nl\/de\/wp-json\/wp\/v2\/posts\/3320"}],"collection":[{"href":"https:\/\/www.salari.nl\/de\/wp-json\/wp\/v2\/posts"}],"about":[{"href":"https:\/\/www.salari.nl\/de\/wp-json\/wp\/v2\/types\/post"}],"author":[{"embeddable":true,"href":"https:\/\/www.salari.nl\/de\/wp-json\/wp\/v2\/users\/4"}],"replies":[{"embeddable":true,"href":"https:\/\/www.salari.nl\/de\/wp-json\/wp\/v2\/comments?post=3320"}],"version-history":[{"count":0,"href":"https:\/\/www.salari.nl\/de\/wp-json\/wp\/v2\/posts\/3320\/revisions"}],"wp:featuredmedia":[{"embeddable":true,"href":"https:\/\/www.salari.nl\/de\/wp-json\/wp\/v2\/media\/3313"}],"wp:attachment":[{"href":"https:\/\/www.salari.nl\/de\/wp-json\/wp\/v2\/media?parent=3320"}],"wp:term":[{"taxonomy":"category","embeddable":true,"href":"https:\/\/www.salari.nl\/de\/wp-json\/wp\/v2\/categories?post=3320"},{"taxonomy":"post_tag","embeddable":true,"href":"https:\/\/www.salari.nl\/de\/wp-json\/wp\/v2\/tags?post=3320"}],"curies":[{"name":"wp","href":"https:\/\/api.w.org\/{rel}","templated":true}]}}